{"id":2933,"date":"2023-05-29T20:35:08","date_gmt":"2023-05-30T00:35:08","guid":{"rendered":"https:\/\/oliva.capital\/?p=2933"},"modified":"2023-05-29T20:35:11","modified_gmt":"2023-05-30T00:35:11","slug":"guillaume-guitard-se-une-a-oliva-horticulture","status":"publish","type":"post","link":"https:\/\/oliva.capital\/es\/guillaume-guitard-se-une-a-oliva-horticulture\/","title":{"rendered":"Guillaume Guitard se une a Oliva Horticulture"},"content":{"rendered":"\n<p>Martin Breault, Presidente de Oliva Horticulture, anuncia la contrataci\u00f3n de Guillaume Guitard como Director de Transformaci\u00f3n Digital e Inteligencia de Negocio. Con m\u00e1s de veinte a\u00f1os de experiencia en el sector, Guillaume apoyar\u00e1 al grupo y a sus empresas en el desarrollo de estrategias empresariales, la identificaci\u00f3n de herramientas tecnol\u00f3gicas y el dise\u00f1o de soluciones de inteligencia empresarial para promover el crecimiento y optimizar los procesos empresariales de las empresas del grupo, incluidas P\u00e9pini\u00e8res Trussart y P\u00e9pini\u00e8re Villeneuve.<\/p>\n\n\n\n<p>Guillaume estar\u00e1 acompa\u00f1ado por un s\u00f3lido equipo ejecutivo responsable de apoyar el crecimiento de la organizaci\u00f3n y sus filiales en \u00e1reas como liderazgo tecnol\u00f3gico, operaciones, finanzas, experiencia del cliente y desarrollo corporativo.<\/p>\n\n\n\n<p>Seg\u00fan Martin Breault, \u00abGuillaume aporta s\u00f3lidos conocimientos t\u00e9cnicos, un profundo conocimiento del sector y experiencia de alto nivel en optimizaci\u00f3n de procesos, implantaci\u00f3n de tecnolog\u00eda y pensamiento estrat\u00e9gico. Su ejemplar capacidad de gesti\u00f3n y su ambici\u00f3n por elevar los est\u00e1ndares del sector le convierten en el candidato ideal para apoyar el crecimiento y la optimizaci\u00f3n de la empresa.\u00bb<\/p>\n\n\n\n<p>Guillaume est\u00e1 entusiasmado con las sinergias potenciales entre las diferentes entidades dentro del ecosistema de Oliva Capital, que tambi\u00e9n incluye la filial Oliva Tech. Conf\u00eda en poder aprovechar sus conocimientos y experiencia en el campo de la horticultura ornamental y la inteligencia empresarial para alcanzar los objetivos de crecimiento del grupo.<\/p>\n\n\n\n<p><strong>Acerca de Oliva Horticulture<\/strong><\/p>\n\n\n\n<p>Oliva Horticulture, filial de Oliva Capital, se compromete a apoyar a las empresas del sector hort\u00edcola optimizando su rendimiento, mejorando la eficiencia operativa y estableciendo asociaciones estrat\u00e9gicas. Su misi\u00f3n es permitir que estas empresas desarrollen todo su potencial y tengan \u00e9xito en un mercado en constante evoluci\u00f3n.<\/p>\n","protected":false},"excerpt":{"rendered":"<p>Martin Breault, Presidente de Oliva Horticulture, anuncia la contrataci\u00f3n de Guillaume Guitard como Director de Transformaci\u00f3n Digital e Inteligencia de Negocio. Con m\u00e1s de veinte a\u00f1os de experiencia en el sector, Guillaume apoyar\u00e1 al grupo y a sus empresas en el desarrollo de estrategias empresariales, la identificaci\u00f3n de herramientas tecnol\u00f3gicas y el dise\u00f1o de soluciones [&hellip;]<\/p>\n","protected":false},"author":6,"featured_media":2928,"comment_status":"closed","ping_status":"closed","sticky":false,"template":"","format":"standard","meta":{"_acf_changed":false,"footnotes":""},"categories":[36],"tags":[],"class_list":["post-2933","post","type-post","status-publish","format-standard","has-post-thumbnail","hentry","category-oliva-horticulture-es"],"acf":[],"yoast_head":"<!-- This site is optimized with the Yoast SEO plugin v27.4 - https:\/\/yoast.com\/product\/yoast-seo-wordpress\/ -->\n<title>Guillaume Guitard se une a Oliva Horticulture - Oliva Capital<\/title>\n<meta name=\"robots\" content=\"index, follow, max-snippet:-1, max-image-preview:large, max-video-preview:-1\" \/>\n<link rel=\"canonical\" href=\"https:\/\/oliva.capital\/es\/guillaume-guitard-se-une-a-oliva-horticulture\/\" \/>\n<meta property=\"og:locale\" content=\"es_ES\" \/>\n<meta property=\"og:type\" content=\"article\" \/>\n<meta property=\"og:title\" content=\"Guillaume Guitard se une a Oliva Horticulture - Oliva Capital\" \/>\n<meta property=\"og:description\" content=\"Martin Breault, Presidente de Oliva Horticulture, anuncia la contrataci\u00f3n de Guillaume Guitard como Director de Transformaci\u00f3n Digital e Inteligencia de Negocio. Con m\u00e1s de veinte a\u00f1os de experiencia en el sector, Guillaume apoyar\u00e1 al grupo y a sus empresas en el desarrollo de estrategias empresariales, la identificaci\u00f3n de herramientas tecnol\u00f3gicas y el dise\u00f1o de soluciones [&hellip;]\" \/>\n<meta property=\"og:url\" content=\"https:\/\/oliva.capital\/es\/guillaume-guitard-se-une-a-oliva-horticulture\/\" \/>\n<meta property=\"og:site_name\" content=\"Oliva Capital\" \/>\n<meta property=\"article:published_time\" content=\"2023-05-30T00:35:08+00:00\" \/>\n<meta property=\"article:modified_time\" content=\"2023-05-30T00:35:11+00:00\" \/>\n<meta property=\"og:image\" content=\"https:\/\/oliva.capital\/wp-content\/uploads\/2023\/05\/Communique-site-web-10.png\" \/>\n\t<meta property=\"og:image:width\" content=\"2100\" \/>\n\t<meta property=\"og:image:height\" content=\"1103\" \/>\n\t<meta property=\"og:image:type\" content=\"image\/png\" \/>\n<meta name=\"author\" content=\"Marie-Eve Rompre\" \/>\n<meta name=\"twitter:card\" content=\"summary_large_image\" \/>\n<meta name=\"twitter:label1\" content=\"Escrito por\" \/>\n\t<meta name=\"twitter:data1\" content=\"Marie-Eve Rompre\" \/>\n\t<meta name=\"twitter:label2\" content=\"Tiempo de lectura\" \/>\n\t<meta name=\"twitter:data2\" content=\"2 minutos\" \/>\n<script type=\"application\/ld+json\" class=\"yoast-schema-graph\">{\"@context\":\"https:\\\/\\\/schema.org\",\"@graph\":[{\"@type\":\"Article\",\"@id\":\"https:\\\/\\\/oliva.capital\\\/es\\\/guillaume-guitard-se-une-a-oliva-horticulture\\\/#article\",\"isPartOf\":{\"@id\":\"https:\\\/\\\/oliva.capital\\\/es\\\/guillaume-guitard-se-une-a-oliva-horticulture\\\/\"},\"author\":{\"name\":\"Marie-Eve Rompre\",\"@id\":\"https:\\\/\\\/oliva.capital\\\/#\\\/schema\\\/person\\\/0ba284931610588662632e420610b8c4\"},\"headline\":\"Guillaume Guitard se une a Oliva Horticulture\",\"datePublished\":\"2023-05-30T00:35:08+00:00\",\"dateModified\":\"2023-05-30T00:35:11+00:00\",\"mainEntityOfPage\":{\"@id\":\"https:\\\/\\\/oliva.capital\\\/es\\\/guillaume-guitard-se-une-a-oliva-horticulture\\\/\"},\"wordCount\":309,\"publisher\":{\"@id\":\"https:\\\/\\\/oliva.capital\\\/#organization\"},\"image\":{\"@id\":\"https:\\\/\\\/oliva.capital\\\/es\\\/guillaume-guitard-se-une-a-oliva-horticulture\\\/#primaryimage\"},\"thumbnailUrl\":\"https:\\\/\\\/oliva.capital\\\/wp-content\\\/uploads\\\/2023\\\/05\\\/Communique-site-web-10.png\",\"articleSection\":[\"Oliva Horticulture\"],\"inLanguage\":\"es\"},{\"@type\":\"WebPage\",\"@id\":\"https:\\\/\\\/oliva.capital\\\/es\\\/guillaume-guitard-se-une-a-oliva-horticulture\\\/\",\"url\":\"https:\\\/\\\/oliva.capital\\\/es\\\/guillaume-guitard-se-une-a-oliva-horticulture\\\/\",\"name\":\"Guillaume Guitard se une a Oliva Horticulture - Oliva Capital\",\"isPartOf\":{\"@id\":\"https:\\\/\\\/oliva.capital\\\/#website\"},\"primaryImageOfPage\":{\"@id\":\"https:\\\/\\\/oliva.capital\\\/es\\\/guillaume-guitard-se-une-a-oliva-horticulture\\\/#primaryimage\"},\"image\":{\"@id\":\"https:\\\/\\\/oliva.capital\\\/es\\\/guillaume-guitard-se-une-a-oliva-horticulture\\\/#primaryimage\"},\"thumbnailUrl\":\"https:\\\/\\\/oliva.capital\\\/wp-content\\\/uploads\\\/2023\\\/05\\\/Communique-site-web-10.png\",\"datePublished\":\"2023-05-30T00:35:08+00:00\",\"dateModified\":\"2023-05-30T00:35:11+00:00\",\"breadcrumb\":{\"@id\":\"https:\\\/\\\/oliva.capital\\\/es\\\/guillaume-guitard-se-une-a-oliva-horticulture\\\/#breadcrumb\"},\"inLanguage\":\"es\",\"potentialAction\":[{\"@type\":\"ReadAction\",\"target\":[\"https:\\\/\\\/oliva.capital\\\/es\\\/guillaume-guitard-se-une-a-oliva-horticulture\\\/\"]}]},{\"@type\":\"ImageObject\",\"inLanguage\":\"es\",\"@id\":\"https:\\\/\\\/oliva.capital\\\/es\\\/guillaume-guitard-se-une-a-oliva-horticulture\\\/#primaryimage\",\"url\":\"https:\\\/\\\/oliva.capital\\\/wp-content\\\/uploads\\\/2023\\\/05\\\/Communique-site-web-10.png\",\"contentUrl\":\"https:\\\/\\\/oliva.capital\\\/wp-content\\\/uploads\\\/2023\\\/05\\\/Communique-site-web-10.png\",\"width\":2100,\"height\":1103},{\"@type\":\"BreadcrumbList\",\"@id\":\"https:\\\/\\\/oliva.capital\\\/es\\\/guillaume-guitard-se-une-a-oliva-horticulture\\\/#breadcrumb\",\"itemListElement\":[{\"@type\":\"ListItem\",\"position\":1,\"name\":\"Home\",\"item\":\"https:\\\/\\\/oliva.capital\\\/es\\\/\"},{\"@type\":\"ListItem\",\"position\":2,\"name\":\"Guillaume Guitard se une a Oliva Horticulture\"}]},{\"@type\":\"WebSite\",\"@id\":\"https:\\\/\\\/oliva.capital\\\/#website\",\"url\":\"https:\\\/\\\/oliva.capital\\\/\",\"name\":\"Oliva Capital\",\"description\":\"\",\"publisher\":{\"@id\":\"https:\\\/\\\/oliva.capital\\\/#organization\"},\"potentialAction\":[{\"@type\":\"SearchAction\",\"target\":{\"@type\":\"EntryPoint\",\"urlTemplate\":\"https:\\\/\\\/oliva.capital\\\/?s={search_term_string}\"},\"query-input\":{\"@type\":\"PropertyValueSpecification\",\"valueRequired\":true,\"valueName\":\"search_term_string\"}}],\"inLanguage\":\"es\"},{\"@type\":\"Organization\",\"@id\":\"https:\\\/\\\/oliva.capital\\\/#organization\",\"name\":\"Oliva Capital\",\"url\":\"https:\\\/\\\/oliva.capital\\\/\",\"logo\":{\"@type\":\"ImageObject\",\"inLanguage\":\"es\",\"@id\":\"https:\\\/\\\/oliva.capital\\\/#\\\/schema\\\/logo\\\/image\\\/\",\"url\":\"https:\\\/\\\/oliva.capital\\\/wp-content\\\/uploads\\\/2021\\\/02\\\/Fichier-3.png\",\"contentUrl\":\"https:\\\/\\\/oliva.capital\\\/wp-content\\\/uploads\\\/2021\\\/02\\\/Fichier-3.png\",\"width\":572,\"height\":572,\"caption\":\"Oliva Capital\"},\"image\":{\"@id\":\"https:\\\/\\\/oliva.capital\\\/#\\\/schema\\\/logo\\\/image\\\/\"}},{\"@type\":\"Person\",\"@id\":\"https:\\\/\\\/oliva.capital\\\/#\\\/schema\\\/person\\\/0ba284931610588662632e420610b8c4\",\"name\":\"Marie-Eve Rompre\",\"image\":{\"@type\":\"ImageObject\",\"inLanguage\":\"es\",\"@id\":\"https:\\\/\\\/secure.gravatar.com\\\/avatar\\\/98d71a70c93e5410cef2c072d794e48010c9c820d3edc0ec39db297768e3ac47?s=96&d=mm&r=g\",\"url\":\"https:\\\/\\\/secure.gravatar.com\\\/avatar\\\/98d71a70c93e5410cef2c072d794e48010c9c820d3edc0ec39db297768e3ac47?s=96&d=mm&r=g\",\"contentUrl\":\"https:\\\/\\\/secure.gravatar.com\\\/avatar\\\/98d71a70c93e5410cef2c072d794e48010c9c820d3edc0ec39db297768e3ac47?s=96&d=mm&r=g\",\"caption\":\"Marie-Eve Rompre\"}}]}<\/script>\n<!-- \/ Yoast SEO plugin. -->","yoast_head_json":{"title":"Guillaume Guitard se une a Oliva Horticulture - Oliva Capital","robots":{"index":"index","follow":"follow","max-snippet":"max-snippet:-1","max-image-preview":"max-image-preview:large","max-video-preview":"max-video-preview:-1"},"canonical":"https:\/\/oliva.capital\/es\/guillaume-guitard-se-une-a-oliva-horticulture\/","og_locale":"es_ES","og_type":"article","og_title":"Guillaume Guitard se une a Oliva Horticulture - Oliva Capital","og_description":"Martin Breault, Presidente de Oliva Horticulture, anuncia la contrataci\u00f3n de Guillaume Guitard como Director de Transformaci\u00f3n Digital e Inteligencia de Negocio. Con m\u00e1s de veinte a\u00f1os de experiencia en el sector, Guillaume apoyar\u00e1 al grupo y a sus empresas en el desarrollo de estrategias empresariales, la identificaci\u00f3n de herramientas tecnol\u00f3gicas y el dise\u00f1o de soluciones [&hellip;]","og_url":"https:\/\/oliva.capital\/es\/guillaume-guitard-se-une-a-oliva-horticulture\/","og_site_name":"Oliva Capital","article_published_time":"2023-05-30T00:35:08+00:00","article_modified_time":"2023-05-30T00:35:11+00:00","og_image":[{"width":2100,"height":1103,"url":"https:\/\/oliva.capital\/wp-content\/uploads\/2023\/05\/Communique-site-web-10.png","type":"image\/png"}],"author":"Marie-Eve Rompre","twitter_card":"summary_large_image","twitter_misc":{"Escrito por":"Marie-Eve Rompre","Tiempo de lectura":"2 minutos"},"schema":{"@context":"https:\/\/schema.org","@graph":[{"@type":"Article","@id":"https:\/\/oliva.capital\/es\/guillaume-guitard-se-une-a-oliva-horticulture\/#article","isPartOf":{"@id":"https:\/\/oliva.capital\/es\/guillaume-guitard-se-une-a-oliva-horticulture\/"},"author":{"name":"Marie-Eve Rompre","@id":"https:\/\/oliva.capital\/#\/schema\/person\/0ba284931610588662632e420610b8c4"},"headline":"Guillaume Guitard se une a Oliva Horticulture","datePublished":"2023-05-30T00:35:08+00:00","dateModified":"2023-05-30T00:35:11+00:00","mainEntityOfPage":{"@id":"https:\/\/oliva.capital\/es\/guillaume-guitard-se-une-a-oliva-horticulture\/"},"wordCount":309,"publisher":{"@id":"https:\/\/oliva.capital\/#organization"},"image":{"@id":"https:\/\/oliva.capital\/es\/guillaume-guitard-se-une-a-oliva-horticulture\/#primaryimage"},"thumbnailUrl":"https:\/\/oliva.capital\/wp-content\/uploads\/2023\/05\/Communique-site-web-10.png","articleSection":["Oliva Horticulture"],"inLanguage":"es"},{"@type":"WebPage","@id":"https:\/\/oliva.capital\/es\/guillaume-guitard-se-une-a-oliva-horticulture\/","url":"https:\/\/oliva.capital\/es\/guillaume-guitard-se-une-a-oliva-horticulture\/","name":"Guillaume Guitard se une a Oliva Horticulture - Oliva Capital","isPartOf":{"@id":"https:\/\/oliva.capital\/#website"},"primaryImageOfPage":{"@id":"https:\/\/oliva.capital\/es\/guillaume-guitard-se-une-a-oliva-horticulture\/#primaryimage"},"image":{"@id":"https:\/\/oliva.capital\/es\/guillaume-guitard-se-une-a-oliva-horticulture\/#primaryimage"},"thumbnailUrl":"https:\/\/oliva.capital\/wp-content\/uploads\/2023\/05\/Communique-site-web-10.png","datePublished":"2023-05-30T00:35:08+00:00","dateModified":"2023-05-30T00:35:11+00:00","breadcrumb":{"@id":"https:\/\/oliva.capital\/es\/guillaume-guitard-se-une-a-oliva-horticulture\/#breadcrumb"},"inLanguage":"es","potentialAction":[{"@type":"ReadAction","target":["https:\/\/oliva.capital\/es\/guillaume-guitard-se-une-a-oliva-horticulture\/"]}]},{"@type":"ImageObject","inLanguage":"es","@id":"https:\/\/oliva.capital\/es\/guillaume-guitard-se-une-a-oliva-horticulture\/#primaryimage","url":"https:\/\/oliva.capital\/wp-content\/uploads\/2023\/05\/Communique-site-web-10.png","contentUrl":"https:\/\/oliva.capital\/wp-content\/uploads\/2023\/05\/Communique-site-web-10.png","width":2100,"height":1103},{"@type":"BreadcrumbList","@id":"https:\/\/oliva.capital\/es\/guillaume-guitard-se-une-a-oliva-horticulture\/#breadcrumb","itemListElement":[{"@type":"ListItem","position":1,"name":"Home","item":"https:\/\/oliva.capital\/es\/"},{"@type":"ListItem","position":2,"name":"Guillaume Guitard se une a Oliva Horticulture"}]},{"@type":"WebSite","@id":"https:\/\/oliva.capital\/#website","url":"https:\/\/oliva.capital\/","name":"Oliva Capital","description":"","publisher":{"@id":"https:\/\/oliva.capital\/#organization"},"potentialAction":[{"@type":"SearchAction","target":{"@type":"EntryPoint","urlTemplate":"https:\/\/oliva.capital\/?s={search_term_string}"},"query-input":{"@type":"PropertyValueSpecification","valueRequired":true,"valueName":"search_term_string"}}],"inLanguage":"es"},{"@type":"Organization","@id":"https:\/\/oliva.capital\/#organization","name":"Oliva Capital","url":"https:\/\/oliva.capital\/","logo":{"@type":"ImageObject","inLanguage":"es","@id":"https:\/\/oliva.capital\/#\/schema\/logo\/image\/","url":"https:\/\/oliva.capital\/wp-content\/uploads\/2021\/02\/Fichier-3.png","contentUrl":"https:\/\/oliva.capital\/wp-content\/uploads\/2021\/02\/Fichier-3.png","width":572,"height":572,"caption":"Oliva Capital"},"image":{"@id":"https:\/\/oliva.capital\/#\/schema\/logo\/image\/"}},{"@type":"Person","@id":"https:\/\/oliva.capital\/#\/schema\/person\/0ba284931610588662632e420610b8c4","name":"Marie-Eve Rompre","image":{"@type":"ImageObject","inLanguage":"es","@id":"https:\/\/secure.gravatar.com\/avatar\/98d71a70c93e5410cef2c072d794e48010c9c820d3edc0ec39db297768e3ac47?s=96&d=mm&r=g","url":"https:\/\/secure.gravatar.com\/avatar\/98d71a70c93e5410cef2c072d794e48010c9c820d3edc0ec39db297768e3ac47?s=96&d=mm&r=g","contentUrl":"https:\/\/secure.gravatar.com\/avatar\/98d71a70c93e5410cef2c072d794e48010c9c820d3edc0ec39db297768e3ac47?s=96&d=mm&r=g","caption":"Marie-Eve Rompre"}}]}},"_links":{"self":[{"href":"https:\/\/oliva.capital\/es\/wp-json\/wp\/v2\/posts\/2933","targetHints":{"allow":["GET"]}}],"collection":[{"href":"https:\/\/oliva.capital\/es\/wp-json\/wp\/v2\/posts"}],"about":[{"href":"https:\/\/oliva.capital\/es\/wp-json\/wp\/v2\/types\/post"}],"author":[{"embeddable":true,"href":"https:\/\/oliva.capital\/es\/wp-json\/wp\/v2\/users\/6"}],"replies":[{"embeddable":true,"href":"https:\/\/oliva.capital\/es\/wp-json\/wp\/v2\/comments?post=2933"}],"version-history":[{"count":1,"href":"https:\/\/oliva.capital\/es\/wp-json\/wp\/v2\/posts\/2933\/revisions"}],"predecessor-version":[{"id":2934,"href":"https:\/\/oliva.capital\/es\/wp-json\/wp\/v2\/posts\/2933\/revisions\/2934"}],"wp:featuredmedia":[{"embeddable":true,"href":"https:\/\/oliva.capital\/es\/wp-json\/wp\/v2\/media\/2928"}],"wp:attachment":[{"href":"https:\/\/oliva.capital\/es\/wp-json\/wp\/v2\/media?parent=2933"}],"wp:term":[{"taxonomy":"category","embeddable":true,"href":"https:\/\/oliva.capital\/es\/wp-json\/wp\/v2\/categories?post=2933"},{"taxonomy":"post_tag","embeddable":true,"href":"https:\/\/oliva.capital\/es\/wp-json\/wp\/v2\/tags?post=2933"}],"curies":[{"name":"wp","href":"https:\/\/api.w.org\/{rel}","templated":true}]}}